{"id":4401,"date":"2026-02-07T17:10:09","date_gmt":"2026-02-07T16:10:09","guid":{"rendered":"https:\/\/www.juleaufreisen.de\/?p=4401"},"modified":"2026-02-07T17:13:04","modified_gmt":"2026-02-07T16:13:04","slug":"januar-2026-kurztrip-nach-mecklenburg-vorpommern","status":"publish","type":"post","link":"https:\/\/www.juleaufreisen.de\/?p=4401","title":{"rendered":"Januar 2026-  Kurztrip nach Mecklenburg- Vorpommern"},"content":{"rendered":"\t\t<div data-elementor-type=\"wp-post\" data-elementor-id=\"4401\" class=\"elementor elementor-4401\">\n\t\t\t\t\t\t<section class=\"elementor-section elementor-top-section elementor-element elementor-element-a7e8a43 elementor-section-boxed elementor-section-height-default elementor-section-height-default\" data-id=\"a7e8a43\" data-element_type=\"section\">\n\t\t\t\t\t\t<div class=\"elementor-container elementor-column-gap-default\">\n\t\t\t\t\t<div class=\"elementor-column elementor-col-100 elementor-top-column elementor-element elementor-element-15e1a56\" data-id=\"15e1a56\" data-element_type=\"column\">\n\t\t\t<div class=\"elementor-widget-wrap elementor-element-populated\">\n\t\t\t\t\t\t<div class=\"elementor-element elementor-element-106eaba elementor-widget elementor-widget-text-editor\" data-id=\"106eaba\" data-element_type=\"widget\" data-widget_type=\"text-editor.default\">\n\t\t\t\t<div class=\"elementor-widget-container\">\n\t\t\t\t\t\t\t\t\t<p>Der Januar ist ja nicht unbedingt die sch\u00f6nste Zeit zum Reisen- aber der Wetterbericht versprach ein paar kalte, aber sonnige Tage. So packten wir das Reisemobil und auf ging es in Richtung mecklenburgische Ostseek\u00fcste. Wir kannten von dieser Ecke bisher nur Warnem\u00fcnde ( ein verengter Sommerurlaub vor 20 Jahren ) und einen kleinen Teil von R\u00fcgen. Auf unserer Route lagen Wismar, der Dar\u00df, Sellin und Usedom. In 5 Tagen sahen wir einsame Str\u00e4nde, prachtvolle Badeorte, restaurierte Seebr\u00fccken und viele sch\u00f6ne Sonnenaufgang,- und Unterg\u00e4nge. Im Video gibt es einen Eindruck von unserer winterlichen Kurzreise. Hier nur nochmal die von uns angesteuerten Wohnmobilstellpl\u00e4tze:<\/p><ul><li>Wohnmobilstellplatz Sanddornstrand , in Wittenbeck ( zwischen K\u00fchlungsborn und Heiligendamm ) , 75 Pl\u00e4tze, 18 \u20ac, direkt an der Ostsee<\/li><li>Campingplatz am Freesenbruch in Zingst, 360 Pl\u00e4tze, 45\u20ac<\/li><li>Stellplatz zum H\u00f6ft in der Marina in Gager , 20 Pl\u00e4tze, 20\u20ac<\/li><li>Stellplatz am Bahnhof \u00a0in Ahlbeck , 27 Pl\u00e4tze, 25\u20ac<\/li><li>Stellplatz in Duckwitz am Schloss, 3 Pl\u00e4tze, 20\u20ac<\/li><\/ul><p>\u00a0<\/p>\t\t\t\t\t\t\t\t<\/div>\n\t\t\t\t<\/div>\n\t\t\t\t\t<\/div>\n\t\t<\/div>\n\t\t\t\t\t<\/div>\n\t\t<\/section>\n\t\t\t\t<section class=\"elementor-section elementor-top-section elementor-element elementor-element-2021997 elementor-section-boxed elementor-section-height-default elementor-section-height-default\" data-id=\"2021997\" data-element_type=\"section\">\n\t\t\t\t\t\t<div class=\"elementor-container elementor-column-gap-default\">\n\t\t\t\t\t<div class=\"elementor-column elementor-col-100 elementor-top-column elementor-element elementor-element-952ce42\" data-id=\"952ce42\" data-element_type=\"column\">\n\t\t\t<div class=\"elementor-widget-wrap elementor-element-populated\">\n\t\t\t\t\t\t<div class=\"elementor-element elementor-element-5a9cd7d elementor-widget elementor-widget-video\" data-id=\"5a9cd7d\" data-element_type=\"widget\" data-settings=\"{&quot;youtube_url&quot;:&quot;https:\\\/\\\/www.youtube.com\\\/watch?v=q7P8GC9sa6s&amp;t=188s&quot;,&quot;video_type&quot;:&quot;youtube&quot;,&quot;controls&quot;:&quot;yes&quot;}\" data-widget_type=\"video.default\">\n\t\t\t\t<div class=\"elementor-widget-container\">\n\t\t\t\t\t\t\t<div class=\"elementor-wrapper elementor-open-inline\">\n\t\t\t<div class=\"elementor-video\"><\/div>\t\t<\/div>\n\t\t\t\t\t\t<\/div>\n\t\t\t\t<\/div>\n\t\t\t\t\t<\/div>\n\t\t<\/div>\n\t\t\t\t\t<\/div>\n\t\t<\/section>\n\t\t\t\t<\/div>\n\t\t","protected":false},"excerpt":{"rendered":"<p>Der Januar ist ja nicht unbedingt die sch\u00f6nste Zeit zum Reisen- aber der Wetterbericht versprach ein paar kalte, aber sonnige [&hellip;]<\/p>\n","protected":false},"author":1,"featured_media":0,"comment_status":"open","ping_status":"open","sticky":false,"template":"","format":"standard","meta":{"site-sidebar-layout":"default","site-content-layout":"","ast-site-content-layout":"","site-content-style":"default","site-sidebar-style":"default","ast-global-header-display":"","ast-banner-title-visibility":"","ast-main-header-display":"","ast-hfb-above-header-display":"","ast-hfb-below-header-display":"","ast-hfb-mobile-header-display":"","site-post-title":"","ast-breadcrumbs-content":"","ast-featured-img":"","footer-sml-layout":"","theme-transparent-header-meta":"","adv-header-id-meta":"","stick-header-meta":"","header-above-stick-meta":"","header-main-stick-meta":"","header-below-stick-meta":"","astra-migrate-meta-layouts":"default","ast-page-background-enabled":"default","ast-page-background-meta":{"desktop":{"background-color":"var(--ast-global-color-5)","background-image":"","background-repeat":"repeat","background-position":"center center","background-size":"auto","background-attachment":"scroll","background-type":"","background-media":"","overlay-type":"","overlay-color":"","overlay-opacity":"","overlay-gradient":""},"tablet":{"background-color":"","background-image":"","background-repeat":"repeat","background-position":"center center","background-size":"auto","background-attachment":"scroll","background-type":"","background-media":"","overlay-type":"","overlay-color":"","overlay-opacity":"","overlay-gradient":""},"mobile":{"background-color":"","background-image":"","background-repeat":"repeat","background-position":"center center","background-size":"auto","background-attachment":"scroll","background-type":"","background-media":"","overlay-type":"","overlay-color":"","overlay-opacity":"","overlay-gradient":""}},"ast-content-background-meta":{"desktop":{"background-color":"var(--ast-global-color-4)","background-image":"","background-repeat":"repeat","background-position":"center center","background-size":"auto","background-attachment":"scroll","background-type":"","background-media":"","overlay-type":"","overlay-color":"","overlay-opacity":"","overlay-gradient":""},"tablet":{"background-color":"var(--ast-global-color-4)","background-image":"","background-repeat":"repeat","background-position":"center center","background-size":"auto","background-attachment":"scroll","background-type":"","background-media":"","overlay-type":"","overlay-color":"","overlay-opacity":"","overlay-gradient":""},"mobile":{"background-color":"var(--ast-global-color-4)","background-image":"","background-repeat":"repeat","background-position":"center center","background-size":"auto","background-attachment":"scroll","background-type":"","background-media":"","overlay-type":"","overlay-color":"","overlay-opacity":"","overlay-gradient":""}},"footnotes":""},"categories":[18,21],"tags":[],"class_list":["post-4401","post","type-post","status-publish","format-standard","hentry","category-reisen-mit-hund","category-wohnmobilreisen"],"_links":{"self":[{"href":"https:\/\/www.juleaufreisen.de\/index.php?rest_route=\/wp\/v2\/posts\/4401","targetHints":{"allow":["GET"]}}],"collection":[{"href":"https:\/\/www.juleaufreisen.de\/index.php?rest_route=\/wp\/v2\/posts"}],"about":[{"href":"https:\/\/www.juleaufreisen.de\/index.php?rest_route=\/wp\/v2\/types\/post"}],"author":[{"embeddable":true,"href":"https:\/\/www.juleaufreisen.de\/index.php?rest_route=\/wp\/v2\/users\/1"}],"replies":[{"embeddable":true,"href":"https:\/\/www.juleaufreisen.de\/index.php?rest_route=%2Fwp%2Fv2%2Fcomments&post=4401"}],"version-history":[{"count":7,"href":"https:\/\/www.juleaufreisen.de\/index.php?rest_route=\/wp\/v2\/posts\/4401\/revisions"}],"predecessor-version":[{"id":4408,"href":"https:\/\/www.juleaufreisen.de\/index.php?rest_route=\/wp\/v2\/posts\/4401\/revisions\/4408"}],"wp:attachment":[{"href":"https:\/\/www.juleaufreisen.de\/index.php?rest_route=%2Fwp%2Fv2%2Fmedia&parent=4401"}],"wp:term":[{"taxonomy":"category","embeddable":true,"href":"https:\/\/www.juleaufreisen.de\/index.php?rest_route=%2Fwp%2Fv2%2Fcategories&post=4401"},{"taxonomy":"post_tag","embeddable":true,"href":"https:\/\/www.juleaufreisen.de\/index.php?rest_route=%2Fwp%2Fv2%2Ftags&post=4401"}],"curies":[{"name":"wp","href":"https:\/\/api.w.org\/{rel}","templated":true}]}}